{"id":848,"date":"2022-09-18T10:56:16","date_gmt":"2022-09-18T10:56:16","guid":{"rendered":"https:\/\/www.inmoveraplaya.com\/blog\/?p=848"},"modified":"2022-10-05T14:29:55","modified_gmt":"2022-10-05T14:29:55","slug":"de-feria-van-vera","status":"publish","type":"post","link":"https:\/\/www.inmoveraplaya.com\/blog\/du\/de-feria-van-vera\/","title":{"rendered":"De Feria van Vera: een gebeurtenis dat u niet mag misschien"},"content":{"rendered":"<p>De <strong><em>Feria<\/em> <\/strong>van <a href=\"https:\/\/www.inmoveraplaya.com\/blog\/du\/de-stad-vera-een-algemeen-overzicht\/\">Vera<\/a> is de belangrijkste van de populaire festiviteiten van Vera, en de naam is Feria y Fiestas en is een ode aan <strong>San Cleof\u00e1<\/strong>s. Het wordt gevierd in de laatste week van september.<\/p>\n<p>Vera heeft San Cleof\u00e1s als zijn patroon, waarvan de herdenking op 25 september plaatsvindt. Die dag, in <strong>1569<\/strong>, werd het beleg dat Vera leed onder de Moorse troepen onder leiding van <strong>Aben Humeya<\/strong> opgeheven.\u00a0Vanaf deze datum worden er elk jaar in de laatste week van september feesten gehouden.<\/p>\n<p style=\"text-align: center;\"><img loading=\"lazy\" decoding=\"async\" class=\"aligncenter wp-image-481\" src=\"http:\/\/www.inmoveraplaya.com\/blog\/wp-content\/uploads\/2018\/04\/Feria-de-Vera_01.jpg\" alt=\"De Feria van Vera\" width=\"764\" height=\"509\" srcset=\"https:\/\/www.inmoveraplaya.com\/blog\/wp-content\/uploads\/2018\/04\/Feria-de-Vera_01.jpg 2048w, https:\/\/www.inmoveraplaya.com\/blog\/wp-content\/uploads\/2018\/04\/Feria-de-Vera_01-360x240.jpg 360w, https:\/\/www.inmoveraplaya.com\/blog\/wp-content\/uploads\/2018\/04\/Feria-de-Vera_01-768x512.jpg 768w\" sizes=\"auto, (max-width: 764px) 100vw, 764px\" \/><\/p>\n<p>De festiviteiten beginnen met de traditionele <strong>chupinazo<\/strong> vanaf het balkon van het stadhuis. In de feestweek zijn er verschillende en gevarieerde <strong>activiteiten<\/strong>: de proclamatie van de festiviteiten en de verkiezing van de dames en heren (schoonheidswedstrijd) in het gemeentelijke paviljoen, het pop festival in het El Palmeral-expositiecentrum, de traditionele parade van praalwagens, het stierenvechten in de arena van Vera (de oudste in Almeria en \u00e9\u00e9n van de 10 oudste in Andalusi\u00eb), en sportwedstrijden. De plechtige processie ter ere van San Cleof\u00e1s, patroonheilige van de stad en het slotvuurwerk maakt een einde aan de kermis en de feesten.<\/p>\n<p>Wil je naar het <em>Feria<\/em> van Vera komen?\u00a0Klik hieronder om uw accommodatie te reserveren<\/p>\n<p style=\"text-align: center;\"><a style=\"background-color: #00948f; text-align: center; -moz-border-radius: 3px; -webkit-border-radius: 3px; border-radius: 3px; display: inline-block; cursor: pointer; color: #ffffff; font-family: Helvetica; font-size: 17px; padding: 7px 7px; text-decoration: none;\" href=\"https:\/\/www.reservasveraplaya.com\/du\/\">Boek uw accommodatie bij ons<\/a><\/p>\n<p>&nbsp;<\/p>\n<p>&nbsp;<\/p>\n","protected":false},"excerpt":{"rendered":"<p>De Feria van Vera is de belangrijkste van de populaire festiviteiten van Vera, en de naam is Feria y Fiestas&#8230;<\/p>\n","protected":false},"author":2,"featured_media":1333,"comment_status":"open","ping_status":"open","sticky":false,"template":"","format":"standard","meta":{"footnotes":""},"categories":[13,20],"tags":[31,59,52,147,146,315,32,58],"class_list":["post-848","post","type-post","status-publish","format-standard","has-post-thumbnail","hentry","category-agenda-du","category-toeristen-informatie","tag-almeria","tag-andalusie","tag-cultuur","tag-feesten","tag-fiesta","tag-vera-du","tag-vera-playa","tag-zuid-spanje"],"_links":{"self":[{"href":"https:\/\/www.inmoveraplaya.com\/blog\/du\/wp-json\/wp\/v2\/posts\/848","targetHints":{"allow":["GET"]}}],"collection":[{"href":"https:\/\/www.inmoveraplaya.com\/blog\/du\/wp-json\/wp\/v2\/posts"}],"about":[{"href":"https:\/\/www.inmoveraplaya.com\/blog\/du\/wp-json\/wp\/v2\/types\/post"}],"author":[{"embeddable":true,"href":"https:\/\/www.inmoveraplaya.com\/blog\/du\/wp-json\/wp\/v2\/users\/2"}],"replies":[{"embeddable":true,"href":"https:\/\/www.inmoveraplaya.com\/blog\/du\/wp-json\/wp\/v2\/comments?post=848"}],"version-history":[{"count":8,"href":"https:\/\/www.inmoveraplaya.com\/blog\/du\/wp-json\/wp\/v2\/posts\/848\/revisions"}],"predecessor-version":[{"id":1570,"href":"https:\/\/www.inmoveraplaya.com\/blog\/du\/wp-json\/wp\/v2\/posts\/848\/revisions\/1570"}],"wp:featuredmedia":[{"embeddable":true,"href":"https:\/\/www.inmoveraplaya.com\/blog\/du\/wp-json\/wp\/v2\/media\/1333"}],"wp:attachment":[{"href":"https:\/\/www.inmoveraplaya.com\/blog\/du\/wp-json\/wp\/v2\/media?parent=848"}],"wp:term":[{"taxonomy":"category","embeddable":true,"href":"https:\/\/www.inmoveraplaya.com\/blog\/du\/wp-json\/wp\/v2\/categories?post=848"},{"taxonomy":"post_tag","embeddable":true,"href":"https:\/\/www.inmoveraplaya.com\/blog\/du\/wp-json\/wp\/v2\/tags?post=848"}],"curies":[{"name":"wp","href":"https:\/\/api.w.org\/{rel}","templated":true}]}}