{"id":1471,"date":"2022-09-09T14:06:53","date_gmt":"2022-09-09T14:06:53","guid":{"rendered":"https:\/\/www.inmoveraplaya.com\/blog\/?p=1471"},"modified":"2022-10-05T14:21:17","modified_gmt":"2022-10-05T14:21:17","slug":"la-cote-est-dalmeria","status":"publish","type":"post","link":"https:\/\/www.inmoveraplaya.com\/blog\/fr\/la-cote-est-dalmeria\/","title":{"rendered":"La c\u00f4te est d&#8217;Almer\u00eda"},"content":{"rendered":"<p>La <strong>c\u00f4te est d&#8217;Almeria<\/strong> limite le nord avec la r\u00e9gion de Murcie et le sud avec le d\u00e9but du parc naturel de Cabo de Gata-N\u00edjar.\u00a0Il se distingue par la pr\u00e9sence de criques et de plages vierges, \u00e0 la v\u00e9g\u00e9tation riche et abondante, qui conf\u00e8re \u00e0 la r\u00e9gion un aspect sauvage. Il est si vaste qu&#8217;il serait presque impossible de parler de toutes ses criques et de ses plages. Nous en pr\u00e9sentons quelques uns \u00e0 partir du nord:<\/p>\n<p>La <strong>plage de Calypso<\/strong> est situ\u00e9 \u00e0 <strong>San Juan de los Terreros<\/strong> et est certifi\u00e9 Q de qualit\u00e9 touristique. Cette plage aux eaux peu profondes tire son nom du mythique navire du commandant Cousteau.<\/p>\n<p>Entre <strong>Pozo del Esparto<\/strong> et <strong>Villaricos<\/strong> nous d\u00e9couvrirons des criques spectaculaires comme <strong>Cala Cristal<\/strong>. C&#8217;est un endroit id\u00e9al pour profiter des endroits calmes loin du tourisme conventionnel.<\/p>\n<p><img loading=\"lazy\" decoding=\"async\" class=\"aligncenter wp-image-511\" src=\"http:\/\/www.inmoveraplaya.com\/blog\/wp-content\/uploads\/2018\/04\/Cala-Cristal.jpg\" alt=\"La c\u00f4te est d'Almeria - Cala Cristal\" width=\"727\" height=\"546\" \/><\/p>\n<p>Plus au sud, nous trouvons la <strong>plage de Villaricos<\/strong>, une crique adjacente \u00e0 un ch\u00e2teau. Son sable et ses rochers sont sombres et proviennent de vieilles scories de fonte qui t\u00e9moignent du pass\u00e9 minier de la ville de Villaricos.<\/p>\n<p>\u00c0 quelques kilom\u00e8tres, se trouve la magnifique c\u00f4te de <a href=\"https:\/\/www.inmoveraplaya.com\/blog\/fr\/vera-playa-la-meilleure-destination-pour-vos-vacances\/\">Vera Playa<\/a> et ses incroyables plages: <strong>Marina-Bolaga<\/strong>, <strong>Puerto Rey<\/strong> et <strong>El Playazo<\/strong>.<\/p>\n<p>Juste apr\u00e8s, nous trouvons les<strong> plages de Garrucha<\/strong>, parmi lesquelles se distingue la plage de <strong>Las Escobetas<\/strong>. Presque contigu\u00eb, <strong>Moj\u00e1car<\/strong> offre \u00e0 la fois des plages vierges, id\u00e9ales pour les plus isol\u00e9es, et d&#8217;autres plus touristiques, dot\u00e9es de nombreux services.<\/p>\n<p>Au sud de Moj\u00e1car, nous pouvons visiter <strong>Carboneras<\/strong>. La plus septentrionale de ses plages est la populaire <strong>Playa de los Muertos<\/strong>, isol\u00e9e, vierge, sans construction urbaine et d&#8217;une beaut\u00e9 naturelle incomparable. Son nom est d\u00fb au fait que, dans les \u00e9paves des bateaux, les biens des navires ainsi que les naufrag\u00e9s sont venus arriver sur cette plage.<\/p>\n<p><img loading=\"lazy\" decoding=\"async\" class=\"aligncenter wp-image-1064\" src=\"https:\/\/www.inmoveraplaya.com\/blog\/wp-content\/uploads\/2018\/09\/Playa-de-los-Muertos.jpg\" alt=\"La c\u00f4te est d'Almeria - Playa de los Muertos\" width=\"731\" height=\"488\" srcset=\"https:\/\/www.inmoveraplaya.com\/blog\/wp-content\/uploads\/2018\/09\/Playa-de-los-Muertos.jpg 1070w, https:\/\/www.inmoveraplaya.com\/blog\/wp-content\/uploads\/2018\/09\/Playa-de-los-Muertos-360x240.jpg 360w, https:\/\/www.inmoveraplaya.com\/blog\/wp-content\/uploads\/2018\/09\/Playa-de-los-Muertos-768x512.jpg 768w\" sizes=\"auto, (max-width: 731px) 100vw, 731px\" \/><\/p>\n<p>Enfin, le <strong>parc naturel de Cabo de Gata-N\u00edjar<\/strong> marque la fin de la c\u00f4te est d\u2019Almeria.<\/p>\n<p>Cliquez ci-dessous pour trouver votre h\u00e9bergement et venez \u00e0 Vera Playa pour visiter cette magnifique c\u00f4te. Reserve maintenant!<\/p>\n<p style=\"text-align: center;\"><a style=\"background-color: #00948f; text-align: center; -moz-border-radius: 3px; -webkit-border-radius: 3px; border-radius: 3px; display: inline-block; cursor: pointer; color: #ffffff; font-family: Helvetica; font-size: 17px; padding: 7px 7px; text-decoration: none;\" href=\"https:\/\/www.reservasveraplaya.com\/fr\/\">R\u00e9servez votre h\u00e9bergement avec nous<\/a><\/p>\n<p>&nbsp;<\/p>\n","protected":false},"excerpt":{"rendered":"<p>La c\u00f4te est d&#8217;Almeria limite le nord avec la r\u00e9gion de Murcie et le sud avec le d\u00e9but du parc&#8230;<\/p>\n","protected":false},"author":2,"featured_media":515,"comment_status":"open","ping_status":"open","sticky":false,"template":"","format":"standard","meta":{"footnotes":""},"categories":[19],"tags":[42,212,43,228,210,216,211,47],"class_list":["post-1471","post","type-post","status-publish","format-standard","has-post-thumbnail","hentry","category-information-touristique","tag-almeria-fr","tag-andalousie","tag-cabo-de-gata-fr","tag-cote","tag-espagne","tag-plages","tag-sud-de-lespagne","tag-vera-playa-fr"],"_links":{"self":[{"href":"https:\/\/www.inmoveraplaya.com\/blog\/fr\/wp-json\/wp\/v2\/posts\/1471","targetHints":{"allow":["GET"]}}],"collection":[{"href":"https:\/\/www.inmoveraplaya.com\/blog\/fr\/wp-json\/wp\/v2\/posts"}],"about":[{"href":"https:\/\/www.inmoveraplaya.com\/blog\/fr\/wp-json\/wp\/v2\/types\/post"}],"author":[{"embeddable":true,"href":"https:\/\/www.inmoveraplaya.com\/blog\/fr\/wp-json\/wp\/v2\/users\/2"}],"replies":[{"embeddable":true,"href":"https:\/\/www.inmoveraplaya.com\/blog\/fr\/wp-json\/wp\/v2\/comments?post=1471"}],"version-history":[{"count":4,"href":"https:\/\/www.inmoveraplaya.com\/blog\/fr\/wp-json\/wp\/v2\/posts\/1471\/revisions"}],"predecessor-version":[{"id":1484,"href":"https:\/\/www.inmoveraplaya.com\/blog\/fr\/wp-json\/wp\/v2\/posts\/1471\/revisions\/1484"}],"wp:featuredmedia":[{"embeddable":true,"href":"https:\/\/www.inmoveraplaya.com\/blog\/fr\/wp-json\/wp\/v2\/media\/515"}],"wp:attachment":[{"href":"https:\/\/www.inmoveraplaya.com\/blog\/fr\/wp-json\/wp\/v2\/media?parent=1471"}],"wp:term":[{"taxonomy":"category","embeddable":true,"href":"https:\/\/www.inmoveraplaya.com\/blog\/fr\/wp-json\/wp\/v2\/categories?post=1471"},{"taxonomy":"post_tag","embeddable":true,"href":"https:\/\/www.inmoveraplaya.com\/blog\/fr\/wp-json\/wp\/v2\/tags?post=1471"}],"curies":[{"name":"wp","href":"https:\/\/api.w.org\/{rel}","templated":true}]}}