{"id":1486,"date":"2019-10-02T14:29:09","date_gmt":"2019-10-02T14:29:09","guid":{"rendered":"https:\/\/www.inmoveraplaya.com\/blog\/?p=1486"},"modified":"2022-10-05T14:16:54","modified_gmt":"2022-10-05T14:16:54","slug":"passez-lhiver-dans-le-sud-de-lespagne","status":"publish","type":"post","link":"https:\/\/www.inmoveraplaya.com\/blog\/fr\/passez-lhiver-dans-le-sud-de-lespagne\/","title":{"rendered":"Passez l&#8217;hiver dans le sud de l&#8217;Espagne"},"content":{"rendered":"<p>Fatigu\u00e9 du froid de l&#8217;hiver? Passez l&#8217;hiver dans le sud de l&#8217;Espagne!\u00a0Venez \u00e0 <a href=\"https:\/\/www.inmoveraplaya.com\/blog\/fr\/vera-playa-la-meilleure-destination-pour-vos-vacances\/\">Vera Playa<\/a>, situ\u00e9e sur <strong>la c\u00f4te d&#8217;Almer\u00eda<\/strong> (<strong>sud de l&#8217;Espagne<\/strong>). Vera Playa a l&#8217;un des climats les plus chauds d&#8217;Europe et, avec plus de 320 jours de soleil par an, est une destination tr\u00e8s populaire pour passer l&#8217;hiver. Alors, pourquoi ne pas rester dans l\u2019une de nos maisons de vacances en hiver? La plupart d&#8217;entre eux disposent de <strong>terrasses ensoleill\u00e9es<\/strong> et <strong>WiFi<\/strong>, et sont <strong>tr\u00e8s proches de la plage<\/strong>.<\/p>\n<p>En hiver, nous proposons des r\u00e9ductions importantes pouvant aller jusqu&#8217;\u00e0 <strong>50%<\/strong> pour un grand nombre de nos maisons de vacances, pour des s\u00e9jours de 28 nuits ou plus. Cette offre ne s&#8217;applique pas uniquement en hiver: des r\u00e9ductions sont appliqu\u00e9es de la mi-septembre \u00e0 la mi-juin. Vous pourrez ainsi profiter de la plage, du soleil et de la tranquillit\u00e9 de la r\u00e9gion de Vera Playa en <strong>automne<\/strong>, en <strong>hiver<\/strong> et au <strong>printemps<\/strong>.<\/p>\n<p><img loading=\"lazy\" decoding=\"async\" class=\"aligncenter wp-image-1488\" src=\"https:\/\/www.inmoveraplaya.com\/blog\/wp-content\/uploads\/2018\/11\/Propiedades-varias.jpg\" alt=\"Passez l'hiver dans le sud de l'Espagne - locations de vacances \u00e0 Vera playa\" width=\"852\" height=\"562\" srcset=\"https:\/\/www.inmoveraplaya.com\/blog\/wp-content\/uploads\/2018\/11\/Propiedades-varias.jpg 1140w, https:\/\/www.inmoveraplaya.com\/blog\/wp-content\/uploads\/2018\/11\/Propiedades-varias-768x507.jpg 768w\" sizes=\"auto, (max-width: 852px) 100vw, 852px\" \/><\/p>\n<p>Il y a beaucoup de choses \u00e0 faire \u00e0 Vera Playa pendant la basse saison, en particulier pour les personnes \u00e2g\u00e9es. Nos suggestions:<\/p>\n<ul>\n<li><strong>Shopping en plein air<\/strong>: les march\u00e9s de rue sont une bonne alternative pour profiter du beau temps pendant que vous faites les magasins: fruits, l\u00e9gumes, \u00e9pices, draps, serviettes, plantes, v\u00eatements, bijoux, artisanat, etc.<\/li>\n<li><strong>Sports<\/strong>: le cyclisme, le tennis et le golf sont tr\u00e8s populaires parmi les voisins et les visiteurs de la r\u00e9gion de Vera Playa.<\/li>\n<li><strong>Randonn\u00e9e p\u00e9destre<\/strong>: une bonne alternative pour rester en forme. Il y a plusieurs sentiers de randonn\u00e9e pour d\u00e9couvrir cette partie de l&#8217;Espagne.<\/li>\n<li><strong>Gastronomie<\/strong>: go\u00fbtez la cuisine locale dans plusieurs bars et restaurants qui ne ferment pas pendant la basse saison. La grande majorit\u00e9 garde leurs terrasses ouvertes afin que chacun puisse prendre un verre au soleil et se d\u00e9tendre. Ils proposent \u00e9galement des soir\u00e9es karaok\u00e9, des spectacles, des \u00e9v\u00e9nements gastronomiques &#8230;<\/li>\n<li>Et bien s\u00fbr, des <strong>promenades relaxantes<\/strong> sur les <a href=\"https:\/\/www.inmoveraplaya.com\/blog\/fr\/les-plages-de-vera-et-le-nord-dalmeria\/\">plages<\/a> de Vera Playa.<\/li>\n<\/ul>\n<p><img loading=\"lazy\" decoding=\"async\" class=\"aligncenter wp-image-237\" src=\"https:\/\/www.inmoveraplaya.com\/blog\/wp-content\/uploads\/2018\/04\/Playa-Vera-beach-bar.jpg\" alt=\"Passez l'hiver dans le sud de l'Espagne\" width=\"853\" height=\"567\" srcset=\"https:\/\/www.inmoveraplaya.com\/blog\/wp-content\/uploads\/2018\/04\/Playa-Vera-beach-bar.jpg 2000w, https:\/\/www.inmoveraplaya.com\/blog\/wp-content\/uploads\/2018\/04\/Playa-Vera-beach-bar-360x240.jpg 360w, https:\/\/www.inmoveraplaya.com\/blog\/wp-content\/uploads\/2018\/04\/Playa-Vera-beach-bar-768x511.jpg 768w\" sizes=\"auto, (max-width: 853px) 100vw, 853px\" \/><\/p>\n<p>N&#8217;h\u00e9sitez pas et\u00a0passez l&#8217;hiver dans le sud de l&#8217;Espagne avec nous! Cliquez ci-dessous et r\u00e9servez votre h\u00e9bergement maintenant!<\/p>\n<p style=\"text-align: center;\"><a style=\"background-color: #00948f; text-align: center; -moz-border-radius: 3px; -webkit-border-radius: 3px; border-radius: 3px; display: inline-block; cursor: pointer; color: #ffffff; font-family: Helvetica; font-size: 17px; padding: 7px 7px; text-decoration: none;\" href=\"https:\/\/www.reservasveraplaya.com\/fr\/\">R\u00e9servez votre h\u00e9bergement avec nous<\/a><\/p>\n<p>&nbsp;<\/p>\n","protected":false},"excerpt":{"rendered":"<p>Fatigu\u00e9 du froid de l&#8217;hiver? Passez l&#8217;hiver dans le sud de l&#8217;Espagne!\u00a0Venez \u00e0 Vera Playa, situ\u00e9e sur la c\u00f4te d&#8217;Almer\u00eda&#8230;<\/p>\n","protected":false},"author":2,"featured_media":232,"comment_status":"open","ping_status":"open","sticky":false,"template":"","format":"standard","meta":{"footnotes":""},"categories":[4],"tags":[42,210,229,218,216,215,211,47],"class_list":["post-1486","post","type-post","status-publish","format-standard","has-post-thumbnail","hentry","category-non-classifiee","tag-almeria-fr","tag-espagne","tag-hiver","tag-locations-de-vacances","tag-plages","tag-soleil","tag-sud-de-lespagne","tag-vera-playa-fr"],"_links":{"self":[{"href":"https:\/\/www.inmoveraplaya.com\/blog\/fr\/wp-json\/wp\/v2\/posts\/1486","targetHints":{"allow":["GET"]}}],"collection":[{"href":"https:\/\/www.inmoveraplaya.com\/blog\/fr\/wp-json\/wp\/v2\/posts"}],"about":[{"href":"https:\/\/www.inmoveraplaya.com\/blog\/fr\/wp-json\/wp\/v2\/types\/post"}],"author":[{"embeddable":true,"href":"https:\/\/www.inmoveraplaya.com\/blog\/fr\/wp-json\/wp\/v2\/users\/2"}],"replies":[{"embeddable":true,"href":"https:\/\/www.inmoveraplaya.com\/blog\/fr\/wp-json\/wp\/v2\/comments?post=1486"}],"version-history":[{"count":4,"href":"https:\/\/www.inmoveraplaya.com\/blog\/fr\/wp-json\/wp\/v2\/posts\/1486\/revisions"}],"predecessor-version":[{"id":1494,"href":"https:\/\/www.inmoveraplaya.com\/blog\/fr\/wp-json\/wp\/v2\/posts\/1486\/revisions\/1494"}],"wp:featuredmedia":[{"embeddable":true,"href":"https:\/\/www.inmoveraplaya.com\/blog\/fr\/wp-json\/wp\/v2\/media\/232"}],"wp:attachment":[{"href":"https:\/\/www.inmoveraplaya.com\/blog\/fr\/wp-json\/wp\/v2\/media?parent=1486"}],"wp:term":[{"taxonomy":"category","embeddable":true,"href":"https:\/\/www.inmoveraplaya.com\/blog\/fr\/wp-json\/wp\/v2\/categories?post=1486"},{"taxonomy":"post_tag","embeddable":true,"href":"https:\/\/www.inmoveraplaya.com\/blog\/fr\/wp-json\/wp\/v2\/tags?post=1486"}],"curies":[{"name":"wp","href":"https:\/\/api.w.org\/{rel}","templated":true}]}}