{"id":2153,"date":"2026-02-10T12:20:18","date_gmt":"2026-02-10T12:20:18","guid":{"rendered":"https:\/\/www.inmoveraplaya.com\/blog\/?p=2153"},"modified":"2026-02-10T13:00:36","modified_gmt":"2026-02-10T13:00:36","slug":"salar-de-los-canos-vera-une-oasis-naturel-de-zones-humides-en-almeria","status":"publish","type":"post","link":"https:\/\/www.inmoveraplaya.com\/blog\/fr\/salar-de-los-canos-vera-une-oasis-naturel-de-zones-humides-en-almeria\/","title":{"rendered":"Salar de los Ca\u00f1os, Vera : une oasis naturel de zones humides en Almer\u00eda"},"content":{"rendered":"\n<p>Lorsque la nature reprend ses droits, elle r\u00e9v\u00e8le une r\u00e9silience extraordinaire : elle fleurit apr\u00e8s l\u2019absence humaine, rena\u00eet au printemps et prosp\u00e8re m\u00eame \u00e0 proximit\u00e9 des zones urbaines. L\u2019un des meilleurs exemples de ce ph\u00e9nom\u00e8ne dans le sud de l\u2019Espagne est le <strong>Salar de los Ca\u00f1os<\/strong>, une zone humide c\u00f4ti\u00e8re saline situ\u00e9e \u00e0 <strong>Vera Playa, Almer\u00eda<\/strong>.<\/p>\n\n\n\n<figure class=\"wp-block-image size-full\"><img loading=\"lazy\" decoding=\"async\" width=\"800\" height=\"533\" src=\"https:\/\/www.inmoveraplaya.com\/blog\/wp-content\/uploads\/2026\/02\/image-36.jpeg\" alt=\"\" class=\"wp-image-2154\" srcset=\"https:\/\/www.inmoveraplaya.com\/blog\/wp-content\/uploads\/2026\/02\/image-36.jpeg 800w, https:\/\/www.inmoveraplaya.com\/blog\/wp-content\/uploads\/2026\/02\/image-36-360x240.jpeg 360w, https:\/\/www.inmoveraplaya.com\/blog\/wp-content\/uploads\/2026\/02\/image-36-768x512.jpeg 768w\" sizes=\"auto, (max-width: 800px) 100vw, 800px\" \/><\/figure>\n\n\n\n<p>Situ\u00e9 pr\u00e8s de l\u2019embouchure du <strong>fleuve Antas<\/strong>, entre <strong>Vera et Garrucha<\/strong>, cet espace naturel est une destination incontournable pour les voyageurs en qu\u00eate de faune sauvage, de tranquillit\u00e9 et de couchers de soleil inoubliables, \u00e0 quelques pas de la mer M\u00e9diterran\u00e9e.<\/p>\n\n\n\n<h2 class=\"wp-block-heading\"><strong>Qu\u2019est-ce que le Salar de los Ca\u00f1os ?<\/strong><\/h2>\n\n\n\n<p>Le <strong>Salar de los Ca\u00f1os<\/strong> est une zone humide c\u00f4ti\u00e8re naturelle o\u00f9 <strong>les eaux douces et sal\u00e9es se rencontrent<\/strong>, cr\u00e9ant un \u00e9cosyst\u00e8me unique et fragile. Bien qu\u2019il soit s\u00e9par\u00e9 de la mer par des barri\u00e8res sableuses, l\u2019influence marine lui conf\u00e8re son caract\u00e8re salin distinctif.<\/p>\n\n\n\n<p>Cette zone humide fait partie du complexe de la <strong>Laguna de Puerto Rey<\/strong> et est facilement accessible depuis la <strong>Calle R\u00edo Antas<\/strong>, ce qui en fait l\u2019un des espaces naturels les plus accessibles de Vera Playa.<\/p>\n\n\n\n<figure class=\"wp-block-image size-large\"><img loading=\"lazy\" decoding=\"async\" width=\"1500\" height=\"630\" src=\"https:\/\/www.inmoveraplaya.com\/blog\/wp-content\/uploads\/2026\/02\/image-37-1500x630.jpeg\" alt=\"\" class=\"wp-image-2159\"\/><\/figure>\n\n\n\n<h2 class=\"wp-block-heading\"><strong>Observation des oiseaux au Salar de los Ca\u00f1os<\/strong><\/h2>\n\n\n\n<p>L\u2019un des principaux attraits du Salar de los Ca\u00f1os est sa <strong>riche avifaune<\/strong>, qui en fait l\u2019un des meilleurs <strong>sites d\u2019observation des oiseaux en Almer\u00eda<\/strong>.<\/p>\n\n\n\n<p>Parmi les esp\u00e8ces que l\u2019on peut observer :<\/p>\n\n\n\n<ul class=\"wp-block-list\">\n<li><strong>Flamants roses<\/strong><\/li>\n\n\n\n<li><strong>\u00c9rismature \u00e0 t\u00eate blanche<\/strong><\/li>\n\n\n\n<li><strong>H\u00e9rons et autres oiseaux migrateurs<\/strong><\/li>\n<\/ul>\n\n\n\n<p>Son environnement paisible et ses eaux peu profondes attirent les oiseaux tout au long de l\u2019ann\u00e9e, le coucher du soleil \u00e9tant le moment id\u00e9al pour l\u2019observation et la photographie de nature.<\/p>\n\n\n\n<figure class=\"wp-block-image size-full\"><img loading=\"lazy\" decoding=\"async\" width=\"848\" height=\"509\" src=\"https:\/\/www.inmoveraplaya.com\/blog\/wp-content\/uploads\/2026\/02\/image-38.jpeg\" alt=\"\" class=\"wp-image-2164\" srcset=\"https:\/\/www.inmoveraplaya.com\/blog\/wp-content\/uploads\/2026\/02\/image-38.jpeg 848w, https:\/\/www.inmoveraplaya.com\/blog\/wp-content\/uploads\/2026\/02\/image-38-768x461.jpeg 768w\" sizes=\"auto, (max-width: 848px) 100vw, 848px\" \/><\/figure>\n\n\n\n<h2 class=\"wp-block-heading\"><strong>Balades nature et activit\u00e9s de plein air<\/strong><\/h2>\n\n\n\n<p>S\u2019\u00e9tendant sur environ <strong>100 hectares<\/strong>, la zone humide offre :<\/p>\n\n\n\n<ul class=\"wp-block-list\">\n<li>Une lagune saline entour\u00e9e de <strong>v\u00e9g\u00e9tation riveraine<\/strong><\/li>\n\n\n\n<li>Des sentiers plats id\u00e9aux pour des <strong>promenades tranquilles<\/strong><\/li>\n\n\n\n<li>Des espaces calmes parfaits pour la <strong>photographie de paysages et de couchers de soleil<\/strong><\/li>\n<\/ul>\n\n\n\n<p>C\u2019est une excellente option pour les voyageurs souhaitant profiter de la <strong>nature \u00e0 proximit\u00e9 de la plage<\/strong> lors de leur s\u00e9jour \u00e0 Vera Playa.<\/p>\n\n\n\n<h2 class=\"wp-block-heading\"><strong>Exp\u00e9rience des visiteurs et conservation<\/strong><\/h2>\n\n\n\n<p>Le Salar de los Ca\u00f1os est appr\u00e9ci\u00e9 comme un <strong>refuge naturel paisible<\/strong>, id\u00e9al pour se ressourcer et observer la faune. Bien que des pr\u00e9occupations existent concernant son \u00e9tat de conservation, des initiatives locales \u2014 telles que les <strong>concerts de musique classique au coucher du soleil organis\u00e9s par la mairie de Vera<\/strong> \u2014 ont contribu\u00e9 \u00e0 mettre en valeur son importance \u00e9cologique.<\/p>\n\n\n\n<h2 class=\"wp-block-heading\"><strong>Pourquoi visiter le Salar de los Ca\u00f1os \u00e0 Vera Playa ?<\/strong><\/h2>\n\n\n\n<p>Si vous explorez la c\u00f4te d\u2019<strong>Almer\u00eda<\/strong> ou s\u00e9journez \u00e0 <strong>Vera Playa<\/strong>, le Salar de los Ca\u00f1os offre une occasion unique de d\u00e9couvrir un <strong>\u00e9cosyst\u00e8me de zone humide c\u00f4ti\u00e8re<\/strong> \u00e0 seulement quelques minutes de la M\u00e9diterran\u00e9e.<\/p>\n\n\n\n<p>Une destination id\u00e9ale pour les <strong>amoureux de la nature, de l\u2019\u00e9cotourisme et de l\u2019observation des oiseaux<\/strong>, \u00e0 la recherche d\u2019une exp\u00e9rience authentique et apaisante.<\/p>\n\n\n\n<div class=\"wp-block-buttons is-content-justification-center is-layout-flex wp-container-core-buttons-is-layout-16018d1d wp-block-buttons-is-layout-flex\">\n<div class=\"wp-block-button\"><a class=\"wp-block-button__link wp-element-button\" href=\"http:\/\/inmoveraplaya.com\">R\u00e9servez votre s\u00e9jour chez nous<\/a><\/div>\n<\/div>\n","protected":false},"excerpt":{"rendered":"<p>Lorsque la nature reprend ses droits, elle r\u00e9v\u00e8le une r\u00e9silience extraordinaire : elle fleurit apr\u00e8s l\u2019absence humaine, rena\u00eet au printemps&#8230;<\/p>\n","protected":false},"author":2,"featured_media":2300,"comment_status":"open","ping_status":"open","sticky":false,"template":"","format":"standard","meta":{"footnotes":""},"categories":[19],"tags":[31,215,211,214,32],"class_list":["post-2153","post","type-post","status-publish","format-standard","has-post-thumbnail","hentry","category-information-touristique","tag-almeria","tag-soleil","tag-sud-de-lespagne","tag-vacances","tag-vera-playa"],"_links":{"self":[{"href":"https:\/\/www.inmoveraplaya.com\/blog\/fr\/wp-json\/wp\/v2\/posts\/2153","targetHints":{"allow":["GET"]}}],"collection":[{"href":"https:\/\/www.inmoveraplaya.com\/blog\/fr\/wp-json\/wp\/v2\/posts"}],"about":[{"href":"https:\/\/www.inmoveraplaya.com\/blog\/fr\/wp-json\/wp\/v2\/types\/post"}],"author":[{"embeddable":true,"href":"https:\/\/www.inmoveraplaya.com\/blog\/fr\/wp-json\/wp\/v2\/users\/2"}],"replies":[{"embeddable":true,"href":"https:\/\/www.inmoveraplaya.com\/blog\/fr\/wp-json\/wp\/v2\/comments?post=2153"}],"version-history":[{"count":1,"href":"https:\/\/www.inmoveraplaya.com\/blog\/fr\/wp-json\/wp\/v2\/posts\/2153\/revisions"}],"predecessor-version":[{"id":2169,"href":"https:\/\/www.inmoveraplaya.com\/blog\/fr\/wp-json\/wp\/v2\/posts\/2153\/revisions\/2169"}],"wp:featuredmedia":[{"embeddable":true,"href":"https:\/\/www.inmoveraplaya.com\/blog\/fr\/wp-json\/wp\/v2\/media\/2300"}],"wp:attachment":[{"href":"https:\/\/www.inmoveraplaya.com\/blog\/fr\/wp-json\/wp\/v2\/media?parent=2153"}],"wp:term":[{"taxonomy":"category","embeddable":true,"href":"https:\/\/www.inmoveraplaya.com\/blog\/fr\/wp-json\/wp\/v2\/categories?post=2153"},{"taxonomy":"post_tag","embeddable":true,"href":"https:\/\/www.inmoveraplaya.com\/blog\/fr\/wp-json\/wp\/v2\/tags?post=2153"}],"curies":[{"name":"wp","href":"https:\/\/api.w.org\/{rel}","templated":true}]}}