{"id":2577,"date":"2026-04-14T07:16:21","date_gmt":"2026-04-14T07:16:21","guid":{"rendered":"https:\/\/www.inmoveraplaya.com\/blog\/?p=2577"},"modified":"2026-04-14T07:16:24","modified_gmt":"2026-04-14T07:16:24","slug":"le-climat-a-vera-plus-de-300-jours-de-soleil-par-an","status":"publish","type":"post","link":"https:\/\/www.inmoveraplaya.com\/blog\/fr\/le-climat-a-vera-plus-de-300-jours-de-soleil-par-an\/","title":{"rendered":"Le climat \u00e0 Vera : plus de 300 jours de soleil par an"},"content":{"rendered":"\n<p>Situ\u00e9e sur la c\u00f4te de Almer\u00eda, la ville de Vera b\u00e9n\u00e9ficie de l\u2019un des climats les plus<br>privil\u00e9gi\u00e9s de la M\u00e9diterran\u00e9e. Avec plus de 300 jours de soleil par an, des temp\u00e9ratures<br>douces pendant la majeure partie de l\u2019ann\u00e9e et tr\u00e8s peu de pluie, cette r\u00e9gion est devenue<br>une destination id\u00e9ale aussi bien pour les vacances que pour y vivre toute l\u2019ann\u00e9e.<br>En particulier dans des zones comme Vera Playa, le climat m\u00e9diterran\u00e9en offre un \u00e9quilibre<br>parfait entre soleil, mer et qualit\u00e9 de vie.<\/p>\n\n\n\n<h2 class=\"wp-block-heading\">Un climat privil\u00e9gi\u00e9 toute l\u2019ann\u00e9e<\/h2>\n\n\n\n<p>L\u2019une des principales raisons pour lesquelles tant de personnes choisissent de visiter ou de<br>vivre \u00e0 Vera est la qualit\u00e9 de son climat. La r\u00e9gion b\u00e9n\u00e9ficie d\u2019hivers doux et d\u2019\u00e9t\u00e9s chauds,<br>g\u00e9n\u00e9ralement agr\u00e9ables gr\u00e2ce \u00e0 la brise marine.<br>Les temp\u00e9ratures moyennes sont g\u00e9n\u00e9ralement :<br>\u25cf Printemps : entre 18 \u00b0C et 25 \u00b0C<br>\u25cf \u00c9t\u00e9 : entre 25 \u00b0C et 32 \u00b0C<br>\u25cf Automne : entre 20 \u00b0C et 28 \u00b0C<br>\u25cf Hiver : entre 12 \u00b0C et 20 \u00b0C<br>Cela permet de profiter d\u2019activit\u00e9s en plein air presque toute l\u2019ann\u00e9e.<\/p>\n\n\n\n<figure class=\"wp-block-image size-large is-resized\"><img loading=\"lazy\" decoding=\"async\" width=\"784\" height=\"630\" src=\"https:\/\/www.inmoveraplaya.com\/blog\/wp-content\/uploads\/2026\/04\/1-784x630.jpg\" alt=\"\" class=\"wp-image-2567\" style=\"width:840px;height:auto\"\/><\/figure>\n\n\n\n<h2 class=\"wp-block-heading\">Plus de 300 jours de soleil sur la c\u00f4te d\u2019Almer\u00eda<\/h2>\n\n\n\n<p>La province de Almer\u00eda est connue pour \u00eatre l\u2019une des r\u00e9gions d\u2019Europe avec le plus grand<br>nombre d\u2019heures d\u2019ensoleillement. Le ciel y est souvent d\u00e9gag\u00e9 et les pr\u00e9cipitations<br>restent rares.<br>Gr\u00e2ce \u00e0 ces conditions, des endroits proches comme Moj\u00e1car ou le spectaculaire Parc<br>naturel de Cabo de Gata-N\u00edjar peuvent \u00eatre visit\u00e9s \u00e0 tout moment de l\u2019ann\u00e9e, que ce soit<br>pour faire de la randonn\u00e9e, d\u00e9couvrir de magnifiques plages ou explorer des villages pleins<br>de charme.<\/p>\n\n\n\n<h2 class=\"wp-block-heading\">Une destination id\u00e9ale pour les vacances et la location<br>touristique<\/h2>\n\n\n\n<p>Le climat est l\u2019un des facteurs les plus importants pour les personnes qui recherchent une<br>location de vacances. Dans des endroits comme Vera Playa, le beau temps pendant la plus<br>grande partie de l\u2019ann\u00e9e permet de profiter de la plage, des promenades en bord de mer,<br>des terrasses et des activit\u00e9s en plein air pendant bien plus de semaines que dans d\u2019autres<br>destinations touristiques.<br>C\u2019est pourquoi de plus en plus de visiteurs nationaux et internationaux choisissent cette<br>r\u00e9gion pour leurs vacances ou m\u00eame pour des s\u00e9jours prolong\u00e9s.<\/p>\n\n\n\n<figure class=\"wp-block-image size-large is-resized\"><img loading=\"lazy\" decoding=\"async\" width=\"784\" height=\"630\" src=\"https:\/\/www.inmoveraplaya.com\/blog\/wp-content\/uploads\/2026\/04\/2-784x630.jpg\" alt=\"\" class=\"wp-image-2572\" style=\"width:840px;height:auto\"\/><\/figure>\n\n\n\n<h2 class=\"wp-block-heading\">Une qualit\u00e9 de vie au bord de la mer<\/h2>\n\n\n\n<p>En plus du soleil et des temp\u00e9ratures agr\u00e9ables, vivre pr\u00e8s de la mer apporte de nombreux<br>avantages. La tranquillit\u00e9 de la c\u00f4te, le style de vie m\u00e9diterran\u00e9en d\u00e9tendu et<br>l\u2019environnement naturel font de Vera un endroit id\u00e9al pour ceux qui recherchent une<br>meilleure qualit\u00e9 de vie.<br>Il n\u2019est donc pas surprenant que de nombreux visiteurs qui d\u00e9couvrent la r\u00e9gion pour la<br>premi\u00e8re fois y reviennent ann\u00e9e apr\u00e8s ann\u00e9e, et que certains d\u00e9cident m\u00eame d\u2019y acheter<br>un logement ou d\u2019y s\u00e9journer plus longtemps.<\/p>\n\n\n\n<h2 class=\"wp-block-heading\">Profitez du soleil \u00e0 Vera Playa<\/h2>\n\n\n\n<p>Si vous envisagez de visiter la c\u00f4te de Almer\u00eda, vous d\u00e9couvrirez rapidement que le climat<br>de Vera est l\u2019un de ses plus grands atouts. Avec plus de 300 jours de soleil par an, de larges<br>plages et une atmosph\u00e8re d\u00e9tendue, c\u2019est la destination parfaite pour se relaxer et profiter<br>du style de vie m\u00e9diterran\u00e9en.<br>Et si vous recherchez un h\u00e9bergement de vacances ou un service professionnel de<br>gestion de location \u00e0 Vera Playa, faire appel \u00e0 des experts locaux peut vous aider \u00e0<br>trouver la meilleure option et \u00e0 profiter pleinement de cette r\u00e9gion exceptionnelle<\/p>\n\n\n\n<div class=\"wp-block-buttons is-content-justification-center is-layout-flex wp-container-core-buttons-is-layout-16018d1d wp-block-buttons-is-layout-flex\">\n<div class=\"wp-block-button\"><a class=\"wp-block-button__link wp-element-button\" href=\"http:\/\/www.inmoveraplaya.com\">R\u00e9servez votre s\u00e9jour chez nous<\/a><\/div>\n<\/div>\n","protected":false},"excerpt":{"rendered":"<p>Situ\u00e9e sur la c\u00f4te de Almer\u00eda, la ville de Vera b\u00e9n\u00e9ficie de l\u2019un des climats les plusprivil\u00e9gi\u00e9s de la M\u00e9diterran\u00e9e&#8230;.<\/p>\n","protected":false},"author":2,"featured_media":2562,"comment_status":"open","ping_status":"open","sticky":false,"template":"","format":"standard","meta":{"footnotes":""},"categories":[19],"tags":[31,212,210,218,213,216,215,211,214,32],"class_list":["post-2577","post","type-post","status-publish","format-standard","has-post-thumbnail","hentry","category-information-touristique","tag-almeria","tag-andalousie","tag-espagne","tag-locations-de-vacances","tag-plage","tag-plages","tag-soleil","tag-sud-de-lespagne","tag-vacances","tag-vera-playa"],"_links":{"self":[{"href":"https:\/\/www.inmoveraplaya.com\/blog\/fr\/wp-json\/wp\/v2\/posts\/2577","targetHints":{"allow":["GET"]}}],"collection":[{"href":"https:\/\/www.inmoveraplaya.com\/blog\/fr\/wp-json\/wp\/v2\/posts"}],"about":[{"href":"https:\/\/www.inmoveraplaya.com\/blog\/fr\/wp-json\/wp\/v2\/types\/post"}],"author":[{"embeddable":true,"href":"https:\/\/www.inmoveraplaya.com\/blog\/fr\/wp-json\/wp\/v2\/users\/2"}],"replies":[{"embeddable":true,"href":"https:\/\/www.inmoveraplaya.com\/blog\/fr\/wp-json\/wp\/v2\/comments?post=2577"}],"version-history":[{"count":1,"href":"https:\/\/www.inmoveraplaya.com\/blog\/fr\/wp-json\/wp\/v2\/posts\/2577\/revisions"}],"predecessor-version":[{"id":2578,"href":"https:\/\/www.inmoveraplaya.com\/blog\/fr\/wp-json\/wp\/v2\/posts\/2577\/revisions\/2578"}],"wp:featuredmedia":[{"embeddable":true,"href":"https:\/\/www.inmoveraplaya.com\/blog\/fr\/wp-json\/wp\/v2\/media\/2562"}],"wp:attachment":[{"href":"https:\/\/www.inmoveraplaya.com\/blog\/fr\/wp-json\/wp\/v2\/media?parent=2577"}],"wp:term":[{"taxonomy":"category","embeddable":true,"href":"https:\/\/www.inmoveraplaya.com\/blog\/fr\/wp-json\/wp\/v2\/categories?post=2577"},{"taxonomy":"post_tag","embeddable":true,"href":"https:\/\/www.inmoveraplaya.com\/blog\/fr\/wp-json\/wp\/v2\/tags?post=2577"}],"curies":[{"name":"wp","href":"https:\/\/api.w.org\/{rel}","templated":true}]}}