{"id":304,"date":"2018-04-08T11:28:50","date_gmt":"2018-04-08T11:28:50","guid":{"rendered":"http:\/\/www.inmoveraplaya.com\/blog\/stranden-noord-almeria\/"},"modified":"2018-12-19T14:29:46","modified_gmt":"2018-12-19T14:29:46","slug":"les-plages-de-vera-et-le-nord-dalmeria","status":"publish","type":"post","link":"https:\/\/www.inmoveraplaya.com\/blog\/fr\/les-plages-de-vera-et-le-nord-dalmeria\/","title":{"rendered":"Les plages de Vera et le nord d&#8217;Almer\u00eda"},"content":{"rendered":"<p>Les plages de <a href=\"https:\/\/www.inmoveraplaya.com\/blog\/fr\/?p=1434&amp;preview=true\">Vera Playa<\/a> et ses environs sont la destination id\u00e9ale pour des vacances inoubliables en famille, en couple ou avec un groupe d&#8217;amis.\u00a0La c\u00f4te de Vera est form\u00e9e de trois plages:<\/p>\n<div class=\"vc_row wpb_row vc_row-fluid\">\n<div class=\"wpb_column vc_column_container vc_col-sm-12\">\n<div class=\"vc_column-inner \">\n<div class=\"wpb_wrapper\">\n<div class=\"wpb_gallery wpb_content_element vc_clearfix vc_custom_1514453695231\">\n<div class=\"wpb_wrapper\">\n<div class=\"vc_row wpb_row vc_row-fluid\">\n<div class=\"wpb_column vc_column_container vc_col-sm-12\">\n<div class=\"vc_column-inner \">\n<div class=\"wpb_wrapper\">\n<div class=\"wpb_text_column wpb_content_element \">\n<div class=\"wpb_wrapper\">\n<ul>\n<li><strong>Plage de Las Marinas-Bolaga<\/strong>: Les vastes plages de sable commencent \u00e0 l&#8217;extr\u00e9mit\u00e9 sud avec la <strong>Playa de las Marinas-Bolaga<\/strong>, certifi\u00e9e par l&#8217;ICTE depuis 2006. C&#8217;est une longue plage de sable qui commence \u00e0 la fronti\u00e8re avec la municipalit\u00e9 de <strong>Garrucha<\/strong> et se termine \u00e0 l&#8217;embouchure de la rivi\u00e8re Antas. L\u00e0, les eaux se sont rompues et la faune et la flore se sont diversifi\u00e9es: les observateurs d&#8217;oiseaux revivront \u00e0 la vue de la lagune, utilis\u00e9e par de nombreux oiseaux migrateurs comme lieu de repos temporaire lors de leur voyage de l&#8217;Afrique vers l&#8217;Europe. Il y a habituellement un banc de sable \u00e9troit sur lequel on peut marcher jusqu&#8217;\u00e0 la partie nord de la plage.<\/li>\n<li>La <strong>plage de<\/strong> <strong>Puerto Rey<\/strong> est sur le c\u00f4t\u00e9 nord de la rivi\u00e8re Antas. C&#8217;est l&#8217;une des <strong>plages les plus anim\u00e9es<\/strong> <strong>et les mieux \u00e9quip\u00e9es de Vera<\/strong>. Surtout pendant les mois d&#8217;\u00e9t\u00e9 il y a beaucoup d&#8217;\u00e9quipements disponibles: ma\u00eetres-nageurs, location de chaises longues et parasols, un catamaran et \u00e9cole de surf, de nombreux bars de plage. La profondeur de l&#8217;eau d\u00e9pend de l&#8217;ann\u00e9e, mais en g\u00e9n\u00e9ral la c\u00f4te s&#8217;\u00e9coule assez rapidement.<\/li>\n<\/ul>\n<\/div>\n<\/div>\n<\/div>\n<\/div>\n<\/div>\n<\/div>\n<div class=\"vc_row wpb_row vc_row-fluid\">\n<div class=\"wpb_column vc_column_container vc_col-sm-12\">\n<div class=\"vc_column-inner \">\n<div class=\"wpb_wrapper\">\n<div class=\"wpb_text_column wpb_content_element \">\n<div class=\"wpb_wrapper\">\n<p><img loading=\"lazy\" decoding=\"async\" class=\"aligncenter wp-image-238\" src=\"https:\/\/www.inmoveraplaya.com\/blog\/wp-content\/uploads\/2018\/04\/playazo.jpg\" alt=\"Les plages de Vera \" width=\"747\" height=\"561\" srcset=\"https:\/\/www.inmoveraplaya.com\/blog\/wp-content\/uploads\/2018\/04\/playazo.jpg 1280w, https:\/\/www.inmoveraplaya.com\/blog\/wp-content\/uploads\/2018\/04\/playazo-768x576.jpg 768w\" sizes=\"auto, (max-width: 747px) 100vw, 747px\" \/><\/p>\n<\/div>\n<\/div>\n<\/div>\n<\/div>\n<\/div>\n<\/div>\n<div class=\"vc_row wpb_row vc_row-fluid\">\n<div class=\"wpb_column vc_column_container vc_col-sm-12\">\n<div class=\"vc_column-inner \">\n<div class=\"wpb_wrapper\">\n<div class=\"wpb_text_column wpb_content_element \">\n<div class=\"wpb_wrapper\">\n<ul>\n<li><strong>La Plage d&#8217;El Playazo<\/strong> est une immense plage de sable de plus de 2 kilom\u00e8tres de long. La partie nord de cette plage est en partie destin\u00e9e aux <strong>naturistes<\/strong>. Il existe \u00e9galement diverses urbanisations naturistes dans cette zone. La partie sud d&#8217;El Playazo est cens\u00e9e \u00eatre textile, donc obligatoire pour porter des v\u00eatements. Sur les deux parties de la plage il y a des installations telles que des bars de plage et la location de chaises longues. La partie la plus au nord d&#8217;El Playazo est \u00e9galement connue comme <strong>Cala Marqu\u00e9s<\/strong>, une belle plage situ\u00e9e dans une petite baie avec des pins en arri\u00e8re-plan, qui termine la bande maritime exceptionnelle de Vera Playa. Un v\u00e9ritable havre de paix qui est actuellement favoris\u00e9 par un Plan de R\u00e9g\u00e9n\u00e9ration des Plages qui a sans doute glorifi\u00e9 les nombreuses attractions pour le loisir et la r\u00e9cr\u00e9ation de ses usagers.<\/li>\n<\/ul>\n<\/div>\n<\/div>\n<div class=\"wpb_text_column wpb_content_element \">\n<div class=\"wpb_wrapper\">\n<p>Au sud de Vera Playa, nous trouvons les plages de la municipalit\u00e9 de <strong>Garrucha<\/strong>, y compris la plage de La Escobeta. Presque \u00e0 c\u00f4t\u00e9, <strong>Moj\u00e1car<\/strong> b\u00e9n\u00e9ficie de plages tranquilles et tr\u00e8s touristiques.<\/p>\n<p>Un peu plus au sud se trouve le <strong>parc naturel de Cabo de Gata-N\u00edjar<\/strong>, avec ses plages immacul\u00e9es et ses eaux cristallines. Quelques exemples sont <strong>Playa de los Muertos, Agua Amarga, Las Negras et M\u00f3nsul<\/strong>. Ces plages spectaculaires sont souvent des plages de galets, ce qui peut \u00eatre un peu inconfortable, mais cela garantit une eau claire et de beaux poissons le long des rochers. Ces plages sont plus difficiles \u00e0 atteindre, mais valent vraiment le d\u00e9tour!<\/p>\n<p><img loading=\"lazy\" decoding=\"async\" class=\"aligncenter wp-image-1064\" src=\"https:\/\/www.inmoveraplaya.com\/blog\/wp-content\/uploads\/2018\/09\/Playa-de-los-Muertos.jpg\" alt=\"Les plages du nord d'Almeria - Playa de los Muertos\" width=\"749\" height=\"500\" srcset=\"https:\/\/www.inmoveraplaya.com\/blog\/wp-content\/uploads\/2018\/09\/Playa-de-los-Muertos.jpg 1070w, https:\/\/www.inmoveraplaya.com\/blog\/wp-content\/uploads\/2018\/09\/Playa-de-los-Muertos-360x240.jpg 360w, https:\/\/www.inmoveraplaya.com\/blog\/wp-content\/uploads\/2018\/09\/Playa-de-los-Muertos-768x512.jpg 768w\" sizes=\"auto, (max-width: 749px) 100vw, 749px\" \/><\/p>\n<\/div>\n<p>Voulez-vous visiter les plages de Vera Playa? Alors r\u00e9servez un bel appartement avec nous!<\/p>\n<p style=\"text-align: center;\"><a style=\"background-color: #00948f; text-align: center; -moz-border-radius: 3px; -webkit-border-radius: 3px; border-radius: 3px; display: inline-block; cursor: pointer; color: #ffffff; font-family: Helvetica; font-size: 17px; padding: 7px 7px; text-decoration: none;\" href=\"https:\/\/www.reservasveraplaya.com\/fr\/\">R\u00e9servez votre h\u00e9bergement avec nous<\/a><\/p>\n<p>&nbsp;<\/p>\n<\/div>\n<\/div>\n<\/div>\n<\/div>\n<\/div>\n<\/div>\n<\/div>\n<\/div>\n<\/div>\n<\/div>\n<\/div>\n","protected":false},"excerpt":{"rendered":"<p>Les plages de Vera Playa et ses environs sont la destination id\u00e9ale pour des vacances inoubliables en famille, en couple&#8230;<\/p>\n","protected":false},"author":2,"featured_media":1256,"comment_status":"open","ping_status":"open","sticky":false,"template":"","format":"standard","meta":{"footnotes":""},"categories":[19],"tags":[42,212,43,210,44,216,211,47],"class_list":["post-304","post","type-post","status-publish","format-standard","has-post-thumbnail","hentry","category-information-touristique","tag-almeria-fr","tag-andalousie","tag-cabo-de-gata-fr","tag-espagne","tag-mojacar-fr","tag-plages","tag-sud-de-lespagne","tag-vera-playa-fr"],"_links":{"self":[{"href":"https:\/\/www.inmoveraplaya.com\/blog\/fr\/wp-json\/wp\/v2\/posts\/304","targetHints":{"allow":["GET"]}}],"collection":[{"href":"https:\/\/www.inmoveraplaya.com\/blog\/fr\/wp-json\/wp\/v2\/posts"}],"about":[{"href":"https:\/\/www.inmoveraplaya.com\/blog\/fr\/wp-json\/wp\/v2\/types\/post"}],"author":[{"embeddable":true,"href":"https:\/\/www.inmoveraplaya.com\/blog\/fr\/wp-json\/wp\/v2\/users\/2"}],"replies":[{"embeddable":true,"href":"https:\/\/www.inmoveraplaya.com\/blog\/fr\/wp-json\/wp\/v2\/comments?post=304"}],"version-history":[{"count":4,"href":"https:\/\/www.inmoveraplaya.com\/blog\/fr\/wp-json\/wp\/v2\/posts\/304\/revisions"}],"predecessor-version":[{"id":1438,"href":"https:\/\/www.inmoveraplaya.com\/blog\/fr\/wp-json\/wp\/v2\/posts\/304\/revisions\/1438"}],"wp:featuredmedia":[{"embeddable":true,"href":"https:\/\/www.inmoveraplaya.com\/blog\/fr\/wp-json\/wp\/v2\/media\/1256"}],"wp:attachment":[{"href":"https:\/\/www.inmoveraplaya.com\/blog\/fr\/wp-json\/wp\/v2\/media?parent=304"}],"wp:term":[{"taxonomy":"category","embeddable":true,"href":"https:\/\/www.inmoveraplaya.com\/blog\/fr\/wp-json\/wp\/v2\/categories?post=304"},{"taxonomy":"post_tag","embeddable":true,"href":"https:\/\/www.inmoveraplaya.com\/blog\/fr\/wp-json\/wp\/v2\/tags?post=304"}],"curies":[{"name":"wp","href":"https:\/\/api.w.org\/{rel}","templated":true}]}}